{"id":421,"date":"2022-12-07T10:30:52","date_gmt":"2022-12-07T09:30:52","guid":{"rendered":"https:\/\/www.safranvoyageur.fr\/?p=421"},"modified":"2022-12-07T10:30:53","modified_gmt":"2022-12-07T09:30:53","slug":"le-safran-de-leperviere-frederic-jacques-temple","status":"publish","type":"post","link":"https:\/\/www.safranvoyageur.fr\/index.php\/2022\/12\/07\/le-safran-de-leperviere-frederic-jacques-temple\/","title":{"rendered":"\u00ab Le safran de l&rsquo;\u00e9pervi\u00e8re \u00bb Fr\u00e9d\u00e9ric Jacques Temple"},"content":{"rendered":"\n<p>                                                                                                      <\/p>\n\n\n\n<p class=\"has-text-align-center has-small-font-size\"><em>Pour accompagner ce po\u00e8me initialement sans titre, la derni\u00e8re fleur de safran de cette ann\u00e9e&#8230; le 12 novembre 2022<\/em><\/p>\n\n\n\n<p><\/p>\n\n\n\n<p class=\"has-text-align-right has-medium-font-size\">\u00e0 Pierre et Ren\u00e9e Morency<\/p>\n\n\n\n<p><\/p>\n\n\n\n<p class=\"has-medium-font-size\">                                                                                                        <\/p>\n\n\n\n<p class=\"has-medium-font-size\">une buse \u00e0 queue rousse<br>en lente majest\u00e9<br>diss\u00e8que le cadastre<\/p>\n\n\n\n<p class=\"has-medium-font-size\">le safran de l&rsquo;\u00e9pervi\u00e8re<br>perce la mousse<\/p>\n\n\n\n<p class=\"has-medium-font-size\">in UN \u00c9MOI SANS FRONTI\u00c8RES<\/p>\n","protected":false},"excerpt":{"rendered":"<p>Pour accompagner ce po\u00e8me initialement sans titre, la derni\u00e8re fleur &hellip; <\/p>\n","protected":false},"author":1,"featured_media":426,"comment_status":"closed","ping_status":"closed","sticky":false,"template":"","format":"standard","meta":{"footnotes":""},"categories":[4],"tags":[],"class_list":["post-421","post","type-post","status-publish","format-standard","has-post-thumbnail","hentry","category-poesie-du-safran"],"_links":{"self":[{"href":"https:\/\/www.safranvoyageur.fr\/index.php\/wp-json\/wp\/v2\/posts\/421","targetHints":{"allow":["GET"]}}],"collection":[{"href":"https:\/\/www.safranvoyageur.fr\/index.php\/wp-json\/wp\/v2\/posts"}],"about":[{"href":"https:\/\/www.safranvoyageur.fr\/index.php\/wp-json\/wp\/v2\/types\/post"}],"author":[{"embeddable":true,"href":"https:\/\/www.safranvoyageur.fr\/index.php\/wp-json\/wp\/v2\/users\/1"}],"replies":[{"embeddable":true,"href":"https:\/\/www.safranvoyageur.fr\/index.php\/wp-json\/wp\/v2\/comments?post=421"}],"version-history":[{"count":4,"href":"https:\/\/www.safranvoyageur.fr\/index.php\/wp-json\/wp\/v2\/posts\/421\/revisions"}],"predecessor-version":[{"id":427,"href":"https:\/\/www.safranvoyageur.fr\/index.php\/wp-json\/wp\/v2\/posts\/421\/revisions\/427"}],"wp:featuredmedia":[{"embeddable":true,"href":"https:\/\/www.safranvoyageur.fr\/index.php\/wp-json\/wp\/v2\/media\/426"}],"wp:attachment":[{"href":"https:\/\/www.safranvoyageur.fr\/index.php\/wp-json\/wp\/v2\/media?parent=421"}],"wp:term":[{"taxonomy":"category","embeddable":true,"href":"https:\/\/www.safranvoyageur.fr\/index.php\/wp-json\/wp\/v2\/categories?post=421"},{"taxonomy":"post_tag","embeddable":true,"href":"https:\/\/www.safranvoyageur.fr\/index.php\/wp-json\/wp\/v2\/tags?post=421"}],"curies":[{"name":"wp","href":"https:\/\/api.w.org\/{rel}","templated":true}]}}